{"id":5933,"date":"2026-04-01T08:12:04","date_gmt":"2026-04-01T08:12:04","guid":{"rendered":"https:\/\/life.properti.com\/?p=5933"},"modified":"2026-04-07T08:28:56","modified_gmt":"2026-04-07T08:28:56","slug":"interview-mit-jonathan-schmid-warum-ein-erfahrener-makler-auf-das-hybride-maklermodell-setzt","status":"publish","type":"post","link":"https:\/\/life.properti.com\/de\/blog\/interview-mit-jonathan-schmid-warum-ein-erfahrener-makler-auf-das-hybride-maklermodell-setzt\/","title":{"rendered":"Interview mit Agent Leader Jonathan Schmid: Warum er auf das hybride Maklermodell setzt."},"content":{"rendered":"<div class=\"lazyblock-key-takeaway-Zxd8r8 wp-block-lazyblock-key-takeaway\"><div class=\"lazyblock-key-takeaway\">\n  <p style=\"font-size:20px;color:white;\">Keyfacts:<\/p>\n  <ul>\n    <li>\u00dcber 14 Jahre Erfahrung pr\u00e4gen Jonathan Schmids Blick auf den Immobilienmarkt<\/li>\n    <li>Er erkl\u00e4rt seinen Wechsel zu properti als bewussten Schritt in ein strukturiertes, technologiegest\u00fctztes Umfeld<\/li>\n    <li>Die Zukunft der Immobilienvermittlung liegt laut ihm in der Weiterentwicklung bestehender Modelle \u2013 nicht in radikalen Br\u00fcchen<\/li>\n    <li>Als Agent Leader setzt er auf erfahrene, unternehmerisch denkende Pers\u00f6nlichkeiten mit klaren Zielen<\/li>\n  <\/ul>\n<div style=\"padding-bottom:40px;\"><\/div>\n<\/div><\/div>\n\n\n<p class=\"lead\"><em> Mit \u00fcber 14 Jahren Erfahrung bei etablierten Institutionen wie Raiffeisen und Swiss Life geh\u00f6rt Jonathan Schmid zu den profilierten Immobilienexperten der Schweiz. Sein Wechsel zu properti steht exemplarisch f\u00fcr eine Entwicklung, die sich in der Branche klar abzeichnet: weg von rein dezentralen Einzelstrukturen, hin zu einem hybriden Modell, das Makler durch zentrale Prozesse, technologische Unterst\u00fctzung und klare Standards entlastet. Im Interview spricht Jonathan Schmid dar\u00fcber, warum genau dieser Rahmen f\u00fcr ihn den Unterschied macht.<\/em><\/p>\n\n\n\n<h2 class=\"wp-block-heading\" id=\"h-das-interview-mit-jonathan-schmid\">Das Interview mit Jonathan Schmid<\/h2>\n\n\n\n<h4 class=\"wp-block-heading\" id=\"h-du-blickst-auf-14-jahre-erfahrung-bei-raiffeisen-und-swiss-life-zuruck-was-war-der-ausschlaggebende-faktor-fur-den-wechsel-zu-properti\">Du blickst auf 14 Jahre Erfahrung bei Raiffeisen und Swiss Life zur\u00fcck. Was war der ausschlaggebende Faktor f\u00fcr den Wechsel zu properti?<\/h4>\n\n\n\n<p>Jonathan: Meine Entscheidung beruhte auf einer klaren strategischen Perspektive. Besonders \u00fcberzeugt haben mich die Wachstumsambitionen von properti sowie die konsequente Ausrichtung als PropTech Agent, um bestehende Strukturen sinnvoll weiterzuentwickeln<\/p>\n\n\n\n<p>Hinzu kommt die M\u00f6glichkeit, nicht nur meine eigene Entwicklung aktiv voranzutreiben, sondern auch das Unternehmen mitzugestalten. Die Energie im F\u00fchrungsteam und die Komplementarit\u00e4t von <a href=\"https:\/\/properti.com\/ch\/de\/unternehmen\/ueber-uns\/levent-kuenzi\/\" target=\"_blank\" rel=\"noreferrer noopener\">Levent<\/a> und <a href=\"https:\/\/properti.com\/ch\/de\/unternehmen\/ueber-uns\/adrian-kuenzi\/\" target=\"_blank\" rel=\"noreferrer noopener\">Adrian<\/a> [Anm. d. Red.: K\u00fcnzi] haben diesen Schritt zus\u00e4tzlich best\u00e4rkt.<\/p>\n\n\n\n<p>Ausschlaggebend war f\u00fcr mich letztlich die Chance, wirklich etwas zu bewegen und einen konkreten Beitrag zur Weiterentwicklung der Branche zu leisten.<\/p>\n\n\n\n<br>\n\n\n\n<h4 class=\"wp-block-heading\" id=\"h-viele-makler-kennen-klassische-strukturen-was-hat-dich-am-modell-von-properti-uberzeugt\">Viele Makler kennen klassische Strukturen. Was hat dich am Modell von properti \u00fcberzeugt?<\/h4>\n\n\n\n<p>Jonathan: F\u00fcr mich liegt die Zukunft der Immobilienvermittlung nicht in einem radikal neuen Ansatz, sondern in der konsequenten Weiterentwicklung bestehender Modelle.<\/p>\n\n\n\n<p>Die Balance zwischen Technologie und menschlicher Expertise ist f\u00fcr mich der entscheidende Erfolgsfaktor. Genau dieses Zusammenspiel erm\u00f6glicht es properti, Prozesse effizienter zu gestalten und gleichzeitig die Qualit\u00e4t in der Beratung auf einem hohen Niveau zu halten.<\/p>\n\n\n\n<br>\n\n\n\n<h4 class=\"wp-block-heading\" id=\"h-vom-klassischen-immobilienmakler-zum-tech-agent-bei-properti-wie-fuhlt-sich-dieser-wechsel-an\">Vom klassischen Immobilienmakler zum \u201cTech Agent\u201d bei properti \u2013 wie f\u00fchlt sich dieser Wechsel an?<\/h4>\n\n\n\n<p>Jonathan: Der Wechsel ist f\u00fcr mich ganz klar eine neue Herausforderung. Er bringt mich bewusst aus meiner Komfortzone heraus, und genau das macht ihn so spannend.<\/p>\n\n\n\n<p>Es geht darum, gewohnte Strukturen zu verlassen und sich in einem st\u00e4rker systematisierten Umfeld zu bewegen. Gerade darin liegt aber auch die Chance, neue Perspektiven zu gewinnen und sich fachlich wie pers\u00f6nlich weiterzuentwickeln.<\/p>\n\n\n\n<br>\n\n\n\n<h4 class=\"wp-block-heading\" id=\"h-wie-unterscheidet-sich-die-digitale-pipeline-bei-properti-von-klassischen-prozessen\">Wie unterscheidet sich die digitale Pipeline bei properti von klassischen Prozessen?<\/h4>\n\n\n\n<p>Jonathan: Der gr\u00f6sste Unterschied ist die Geschwindigkeit. Traditionelle, dezentrale Prozesse in der Branche sind oft starr. Bei properti ist hingegen alles darauf ausgerichtet, Abl\u00e4ufe zu vereinfachen und gleichzeitig ein hohes Qualit\u00e4tsniveau zu sichern. Wenn Anpassungen n\u00f6tig sind, erm\u00f6glicht der digitale Ansatz \u2013 vor allem durch zentrale Tools wie das Agent Portal \u2013, extrem schnell zu reagieren und Optimierungen sofort umzusetzen. Man sp\u00fcrt diesen technologischen Vorsprung im Alltag enorm, weil Verbesserungen nicht erst Monate dauern.<\/p>\n\n\n\n<br>\n\n\n\n<h4 class=\"wp-block-heading\" id=\"h-wie-verandert-die-kombination-aus-technologie-und-expertise-den-arbeitsalltag-von-immobilienmaklern\">Wie ver\u00e4ndert die Kombination aus Technologie und Expertise den Arbeitsalltag von Immobilienmaklern?<\/h4>\n\n\n\n<p>Jonathan: Sie nimmt uns schlichtweg die administrativen Prozesse ab. Technologie und das interne Operations-Team unterst\u00fctzen die t\u00e4gliche Arbeit sehr konkret. Ob das nun die automatisiert erstellten Expos\u00e9s sind oder die Notarvorbereitung im Backoffice \u2013 das l\u00e4uft bei properti einfach reibungslos im Hintergrund. Dadurch bleibt mehr Zeit f\u00fcr das, was im Immobiliengesch\u00e4ft wirklich entscheidend ist: Beratung, Kundenbeziehungen und erfolgreiche Abschl\u00fcsse.<\/p>\n\n\n\n<p>Gleichzeitig ist das gesamte Unternehmen konsequent auf die Bed\u00fcrfnisse der Makler ausgerichtet. Der Gedanke von \u201eWin Together\u201c ist vom ersten Tag an sp\u00fcrbar. Genau das schafft den Rahmen, um sich st\u00e4rker auf Kunden und Deals zu konzentrieren und dadurch auch mehr Umsatz zu generieren.<\/p>\n\n\n\n<br>\n\n\n\n<h4 class=\"wp-block-heading\" id=\"h-als-agent-leader-baust-du-das-team-in-der-romandie-aus-worauf-achtest-du-bei-neuen-makler-innen-besonders\">Als Agent Leader baust du das Team in der Romandie aus. Worauf achtest du bei neuen Makler:innen besonders?<\/h4>\n\n\n\n<p>Jonathan: Ich suche erfahrene Pers\u00f6nlichkeiten aus der Immobilienbranche, die ein etabliertes Netzwerk mitbringen und ihr Business proaktiv skalieren wollen.<\/p>\n\n\n\n<p>Neben der fachlichen Kompetenz sind f\u00fcr mich eine gewisse technische Affinit\u00e4t, starke Soft Skills und absolute Loyalit\u00e4t entscheidend. Ich brauche Leute im Team, die hungrig sind, sich hohe Ziele stecken und bereit sind, volle Verantwortung f\u00fcr ihren Erfolg zu \u00fcbernehmen.<\/p>\n\n\n\n<br>\n\n\n\n<h4 class=\"wp-block-heading\" id=\"h-wie-wurdest-du-deinen-fuhrungsstil-beschreiben-und-wie-unterstutzt-du-dein-team-sich-weiterzuentwickeln\">Wie w\u00fcrdest du deinen F\u00fchrungsstil beschreiben und wie unterst\u00fctzt du dein Team, sich weiterzuentwickeln?<\/h4>\n\n\n\n<p>Jonathan: Ich verstehe mich ganz klar als Leader und nicht nur als Manager. Das bedeutet f\u00fcr mich konkret, dass ich mein Wissen aktiv teile und mir die Zeit nehme, mein Team intensiv zu trainieren und zu unterst\u00fctzen. Ich bin f\u00fcr meine Makler jederzeit greifbar \u2013 sei es f\u00fcr komplexe Bewertungen, bei schwierigen Verhandlungen oder als direkte Begleitung im Kundenkontakt. Ein wichtiger Teil meines Ansatzes ist es ausserdem, mein eigenes Netzwerk f\u00fcr das Team zu \u00f6ffnen, um ihnen echte Entwicklungsm\u00f6glichkeiten zu bieten.<\/p>\n\n\n\n<br>\n\n\n\n<h4 class=\"wp-block-heading\" id=\"h-worauf-freust-du-dich-bei-properti-in-der-nachsten-zeit-am-meisten\">Worauf freust du dich bei properti in der n\u00e4chsten Zeit am meisten?<\/h4>\n\n\n\n<p>Jonathan<strong>:<\/strong> Ganz klar darauf, ein richtig starkes, professionelles Team in der Romandie aufzubauen. Mich reizt zudem die M\u00f6glichkeit, die regionale und nationale Strategie von properti aktiv mitzugestalten, um die gesetzten Ziele zu erreichen.<\/p>\n\n\n\n<p>Es ist extrem spannend, die rasante Weiterentwicklung des Unternehmens so hautnah mitzuerleben und selbst voranzutreiben. Gleichzeitig sehe ich in meiner Rolle die grosse Chance, mich auch pers\u00f6nlich stetig weiterzuentwickeln, neue Erfahrungen zu sammeln und anderen dabei zu helfen, \u00fcber sich hinauszuwachsen.<\/p>\n\n\n\n<h2 class=\"wp-block-heading\" id=\"h-fazit\">Fazit<\/h2>\n\n\n\n<p>Jonathan Schmid bringt es auf den Punkt: Der Immobilienmarkt muss sich nicht radikal neu erfinden \u2013 er wird schlichtweg effizienter, schneller und professioneller. Der Schl\u00fcssel zur Skalierung liegt im hybriden Makler-Modell, das fundierte menschliche Expertise mit smarter Technologie und zentralisierten Prozessen vereint. F\u00fcr ambitionierte, erfahrene Makler:innen bietet properti exakt das \u00d6kosystem, das administrativen Aufwand eliminiert. Wer diesen Weg geht, gewinnt die Freiheit zur\u00fcck, sich zu 100% auf das zu fokussieren, was echtes Wachstum generiert: exzellente Beratung, belastbare Kundenbeziehungen und erfolgreiche Abschl\u00fcsse.<\/p>\n\n\n\n<br>\n\n\n\t\t<div data-elementor-type=\"container\" data-elementor-id=\"5137\" class=\"elementor elementor-5137\" data-elementor-post-type=\"elementor_library\">\n\t\t\t\t<div class=\"elementor-element elementor-element-e866f5e e-con-full diamond-border e-flex e-con e-child\" data-id=\"e866f5e\" data-element_type=\"container\" data-e-type=\"container\">\n\t\t<div class=\"elementor-element elementor-element-fc77204 e-con-full e-flex e-con e-child\" data-id=\"fc77204\" data-element_type=\"container\" data-e-type=\"container\">\n\t\t\t\t<div class=\"elementor-element elementor-element-63a3dd7 elementor-widget elementor-widget-heading\" data-id=\"63a3dd7\" data-element_type=\"widget\" data-e-type=\"widget\" data-widget_type=\"heading.default\">\n\t\t\t\t\t<p class=\"elementor-heading-title elementor-size-default\">Stay up to date<\/p>\t\t\t\t<\/div>\n\t\t\t\t<div class=\"elementor-element elementor-element-2be1a46 elementor-widget elementor-widget-text-editor\" data-id=\"2be1a46\" data-element_type=\"widget\" data-e-type=\"widget\" data-widget_type=\"text-editor.default\">\n\t\t\t\t\t\t\t\t\t<p>Bleibe jederzeit informiert \u00fcber Karrieren im Immobilienmarkt, offene Stellen und News von properti.<\/p>\t\t\t\t\t\t\t\t<\/div>\n\t\t\t\t<\/div>\n\t\t\t\t<div class=\"elementor-element elementor-element-90d1e38 elementor-widget elementor-widget-html\" data-id=\"90d1e38\" data-element_type=\"widget\" data-e-type=\"widget\" data-widget_type=\"html.default\">\n\t\t\t\t\t<script src=\"https:\/\/js-eu1.hsforms.net\/forms\/embed\/developer\/146280411.js\" defer><\/script>\r\n<div class=\"hs-form-html\" data-region=\"eu1\" data-form-id=\"b1d338b4-478a-44f6-8bba-1af951bd0370\" data-portal-id=\"146280411\"><\/div>\t\t\t\t<\/div>\n\t\t\t\t<\/div>\n\t\t\t\t<\/div>\n\t\t\n\n\n\n<div class=\"wp-block-gutena-accordion gutena-accordion-block gutena-accordion-block-a2ef4f-fe is-layout-flow wp-block-gutena-accordion-is-layout-flow\" data-single=\"false\">\n<div class=\"wp-block-gutena-accordion-panel gutena-accordion-block__panel\">\n<div class=\"wp-block-gutena-accordion-panel-title gutena-accordion-block__panel-title\"><div class=\"gutena-accordion-block__panel-title-inner\">\n<h6 class=\"wp-block-heading has-text-align-left\" id=\"h-warum-wechseln-erfahrene-immobilienmakler-zu-properti\" style=\"margin-top:0px;margin-right:0px;margin-bottom:0px;margin-left:0px\">Warum wechseln erfahrene Immobilienmakler zu properti?<\/h6>\n<div class=\"trigger-plus-minus\"><div class=\"horizontal\"><\/div><div class=\"vertical\"><\/div><\/div><\/div><\/div>\n\n\n\n<div class=\"wp-block-gutena-accordion-panel-content gutena-accordion-block__panel-content\"><div class=\"gutena-accordion-block__panel-content-inner\">\n<p style=\"margin-top:0;margin-bottom:0\">Top-Performer und erfahrene Makler:innen wie Jonathan Schmid suchen nach einem Umfeld, das ihr Wachstum nicht durch starre, dezentrale Strukturen oder administrativen Aufwand limitiert. Sie wechseln zu properti, um Teil einer zukunftsorientierten, digitalen Plattform zu werden. Ausschlaggebend sind dabei die ambitionierten Wachstumsziele des Unternehmens, die M\u00f6glichkeit unternehmerisch zu handeln, und die Chance, die eigene Karriere sowie die gesamte Branche aktiv mitzugestalten.<\/p>\n<\/div><\/div>\n<\/div>\n\n\n\n<div class=\"wp-block-gutena-accordion-panel gutena-accordion-block__panel\">\n<div class=\"wp-block-gutena-accordion-panel-title gutena-accordion-block__panel-title\"><div class=\"gutena-accordion-block__panel-title-inner\">\n<h6 class=\"wp-block-heading has-text-align-left\" id=\"h-was-unterscheidet-das-hybride-makler-modell-von-klassischen-maklerstrukturen\" style=\"margin-top:0px;margin-right:0px;margin-bottom:0px;margin-left:0px\">Was unterscheidet das hybride Makler-Modell von klassischen Maklerstrukturen?<\/h6>\n<div class=\"trigger-plus-minus\"><div class=\"horizontal\"><\/div><div class=\"vertical\"><\/div><\/div><\/div><\/div>\n\n\n\n<div class=\"wp-block-gutena-accordion-panel-content gutena-accordion-block__panel-content\"><div class=\"gutena-accordion-block__panel-content-inner\">\n<p style=\"margin-top:0;margin-bottom:0\">Das hybride Makler-Modell verbindet die pers\u00f6nliche St\u00e4rke und Marktkenntnis erfahrener Makler:innen mit zentralen Prozessen, technologischen Tools und klaren Standards. Im Unterschied zu klassischen Maklerh\u00e4usern oder dezentralen Organisationen h\u00e4ngt die Qualit\u00e4t dadurch nicht nur von einzelnen Personen ab, sondern wird strukturell abgesichert und skalierbar gemacht.<\/p>\n\n\n\n<p>F\u00fcr Makler bedeutet das konkret: weniger Reibungsverluste im Alltag, schnellere Prozesse, mehr Transparenz und mehr Zeit f\u00fcr wertsch\u00f6pfende Aufgaben. Technologie dient dabei nicht als Selbstzweck, sondern als operative Unterst\u00fctzung. So entsteht ein Umfeld, in dem unternehmerische Freiheit erhalten bleibt, gleichzeitig aber von einem starken System getragen wird.<\/p>\n<\/div><\/div>\n<\/div>\n\n\n\n<div class=\"wp-block-gutena-accordion-panel gutena-accordion-block__panel\">\n<div class=\"wp-block-gutena-accordion-panel-title gutena-accordion-block__panel-title\"><div class=\"gutena-accordion-block__panel-title-inner\">\n<h6 class=\"wp-block-heading has-text-align-left\" id=\"h-wie-unterstutzt-properti-makler-konkret-in-ihrem-arbeitsalltag\" style=\"margin-top:0px;margin-right:0px;margin-bottom:0px;margin-left:0px\">Wie unterst\u00fctzt properti Makler konkret in ihrem Arbeitsalltag?<\/h6>\n<div class=\"trigger-plus-minus\"><div class=\"horizontal\"><\/div><div class=\"vertical\"><\/div><\/div><\/div><\/div>\n\n\n\n<div class=\"wp-block-gutena-accordion-panel-content gutena-accordion-block__panel-content\"><div class=\"gutena-accordion-block__panel-content-inner\">\n<p style=\"margin-top:0;margin-bottom:0\">properti stellt Makler:innen ein 360\u00b0-\u00d6kosystem zur Verf\u00fcgung, das ihnen konsequent den R\u00fccken freih\u00e4lt. W\u00e4hrend das Agent Portal und das Operations-Team im Hintergrund das administrative Heavy Lifting \u00fcbernehmen \u2013 von der Expos\u00e9-Erstellung bis zur Notarvorbereitung \u2013, treiben wir das unternehmerische Wachstum aktiv voran: durch direktes 1:1 Mentoring und praxisnahe Trainings innerhalb der properti academy. Den starken Rahmen bildet unsere <a href=\"https:\/\/life.properti.com\/de\/kultur\/\">Growth Community und Culture<\/a>. Hier tauschen die besten K\u00f6pfe der Branche auf regelm\u00e4ssigen internen Events Best Practices aus und leben den echten \u201eWin Together\u201c-Gedanken.<\/p>\n<\/div><\/div>\n<\/div>\n\n\n\n<div class=\"wp-block-gutena-accordion-panel gutena-accordion-block__panel\">\n<div class=\"wp-block-gutena-accordion-panel-title gutena-accordion-block__panel-title\"><div class=\"gutena-accordion-block__panel-title-inner\">\n<h6 class=\"wp-block-heading has-text-align-left\" id=\"h-fur-welche-makler-innen-ist-properti-besonders-interessant\" style=\"margin-top:0px;margin-right:0px;margin-bottom:0px;margin-left:0px\">F\u00fcr welche Makler:innen ist properti besonders interessant?<\/h6>\n<div class=\"trigger-plus-minus\"><div class=\"horizontal\"><\/div><div class=\"vertical\"><\/div><\/div><\/div><\/div>\n\n\n\n<div class=\"wp-block-gutena-accordion-panel-content gutena-accordion-block__panel-content\"><div class=\"gutena-accordion-block__panel-content-inner\">\n<p style=\"margin-top:0;margin-bottom:0\">properti stellt Makler:innen ein 360\u00b0-\u00d6kosystem zur Verf\u00fcgung, das ihnen konsequent den R\u00fccken freih\u00e4lt. W\u00e4hrend das Agent Portal und das Operations-Team im Hintergrund das administrative Heavy Lifting \u00fcbernehmen \u2013 von der Expos\u00e9-Erstellung bis zur Notarvorbereitung \u2013, treiben wir das unternehmerische Wachstum aktiv voran: durch direktes 1:1 Mentoring und praxisnahe Trainings innerhalb der properti academy. Den starken Rahmen bildet unsere Growth Community und Culture . Hier tauschen die besten K\u00f6pfe der Branche auf regelm\u00e4ssigen internen Events Best Practices aus und leben den echten \u201eWin Together\u201c-Gedanken.<\/p>\n<\/div><\/div>\n<\/div>\n\n\n\n<div class=\"wp-block-gutena-accordion-panel gutena-accordion-block__panel\">\n<div class=\"wp-block-gutena-accordion-panel-title gutena-accordion-block__panel-title\"><div class=\"gutena-accordion-block__panel-title-inner\">\n<h6 class=\"wp-block-heading has-text-align-left\" id=\"h-fur-welche-makler-innen-ist-properti-besonders-interessant-0\" style=\"margin-top:0px;margin-right:0px;margin-bottom:0px;margin-left:0px\">F\u00fcr welche Makler:innen ist properti besonders interessant?<\/h6>\n<div class=\"trigger-plus-minus\"><div class=\"horizontal\"><\/div><div class=\"vertical\"><\/div><\/div><\/div><\/div>\n\n\n\n<div class=\"wp-block-gutena-accordion-panel-content gutena-accordion-block__panel-content\"><div class=\"gutena-accordion-block__panel-content-inner\">\n<p style=\"margin-top:0;margin-bottom:0\">Besonders interessant ist properti f\u00fcr erfahrene Immobilienmakler:innen, die bereits \u00fcber Fachwissen, Marktverst\u00e4ndnis und ein eigenes Netzwerk verf\u00fcgen und den n\u00e4chsten Entwicklungsschritt suchen. Wer unternehmerischer arbeiten, mehr Verantwortung \u00fcbernehmen und gleichzeitig von einem professionellen, zentral unterst\u00fctzten Umfeld profitieren m\u00f6chte, findet hier einen passenden Rahmen.<br><br>Das gilt insbesondere f\u00fcr Pers\u00f6nlichkeiten, die hohe Anspr\u00fcche an Qualit\u00e4t, Geschwindigkeit und Entwicklung haben. Statt sich mit operativen Nebenschaupl\u00e4tzen aufzureiben, k\u00f6nnen sie ihre Energie gezielt auf Kunden, Vermarktung, Verhandlungen und Abschl\u00fcsse richten. Genau diese Kombination aus Eigenverantwortung und struktureller Unterst\u00fctzung macht das Modell f\u00fcr viele erfahrene Makler besonders attraktiv.<\/p>\n<\/div><\/div>\n<\/div>\n<\/div>\n\n\n\n<p><\/p>\n","protected":false},"excerpt":{"rendered":"<p>Mit \u00fcber 14 Jahren Erfahrung bei etablierten Institutionen wie Raiffeisen und Swiss Life geh\u00f6rt Jonathan Schmid zu den profilierten Immobilienexperten der Schweiz. Sein Wechsel zu properti steht exemplarisch f\u00fcr eine Entwicklung, die sich in der Branche klar abzeichnet: weg von rein dezentralen Einzelstrukturen, hin zu einem hybriden Modell, das Makler durch zentrale Prozesse, technologische Unterst\u00fctzung [&hellip;]<\/p>\n","protected":false},"author":6,"featured_media":5936,"comment_status":"open","ping_status":"open","sticky":false,"template":"","format":"standard","meta":{"footnotes":""},"categories":[237],"tags":[],"class_list":["post-5933","post","type-post","status-publish","format-standard","has-post-thumbnail","hentry","category-people-and-culture"],"yoast_head":"<!-- This site is optimized with the Yoast SEO Premium plugin v26.7 (Yoast SEO v27.4) - https:\/\/yoast.com\/product\/yoast-seo-premium-wordpress\/ -->\n<title>Jonathan Schmid: Warum er zu properti wechselte | propertilife<\/title>\n<meta name=\"description\" content=\"Jonathan Schmid \u00fcber seinen Wechsel zu properti, das hybride Makler-Modell und die Zukunft der Immobilienbranche.\" \/>\n<meta name=\"robots\" content=\"index, follow, max-snippet:-1, max-image-preview:large, max-video-preview:-1\" \/>\n<link rel=\"canonical\" href=\"https:\/\/life.properti.com\/de\/blog\/interview-mit-jonathan-schmid-warum-ein-erfahrener-makler-auf-das-hybride-maklermodell-setzt\/\" \/>\n<meta property=\"og:locale\" content=\"de_DE\" \/>\n<meta property=\"og:type\" content=\"article\" \/>\n<meta property=\"og:title\" content=\"Interview mit Agent Leader Jonathan Schmid: Warum er auf das hybride Maklermodell setzt.\" \/>\n<meta property=\"og:description\" content=\"Jonathan Schmid \u00fcber seinen Wechsel zu properti, das hybride Makler-Modell und die Zukunft der Immobilienbranche.\" \/>\n<meta property=\"og:url\" content=\"https:\/\/life.properti.com\/de\/blog\/interview-mit-jonathan-schmid-warum-ein-erfahrener-makler-auf-das-hybride-maklermodell-setzt\/\" \/>\n<meta property=\"og:site_name\" content=\"properti life\" \/>\n<meta property=\"article:published_time\" content=\"2026-04-01T08:12:04+00:00\" \/>\n<meta property=\"article:modified_time\" content=\"2026-04-07T08:28:56+00:00\" \/>\n<meta property=\"og:image\" content=\"https:\/\/life.properti.com\/wp-content\/uploads\/2026\/03\/2603_Jonathan-Interview.png\" \/>\n\t<meta property=\"og:image:width\" content=\"1300\" \/>\n\t<meta property=\"og:image:height\" content=\"850\" \/>\n\t<meta property=\"og:image:type\" content=\"image\/png\" \/>\n<meta name=\"author\" content=\"Nora Bitzer\" \/>\n<meta name=\"twitter:card\" content=\"summary_large_image\" \/>\n<meta name=\"twitter:label1\" content=\"Verfasst von\" \/>\n\t<meta name=\"twitter:data1\" content=\"Nora Bitzer\" \/>\n\t<meta name=\"twitter:label2\" content=\"Gesch\u00e4tzte Lesezeit\" \/>\n\t<meta name=\"twitter:data2\" content=\"6\u00a0Minuten\" \/>\n<script type=\"application\/ld+json\" class=\"yoast-schema-graph\">{\"@context\":\"https:\\\/\\\/schema.org\",\"@graph\":[{\"@type\":\"Article\",\"@id\":\"https:\\\/\\\/life.properti.com\\\/de\\\/blog\\\/interview-mit-jonathan-schmid-warum-ein-erfahrener-makler-auf-das-hybride-maklermodell-setzt\\\/#article\",\"isPartOf\":{\"@id\":\"https:\\\/\\\/life.properti.com\\\/de\\\/blog\\\/interview-mit-jonathan-schmid-warum-ein-erfahrener-makler-auf-das-hybride-maklermodell-setzt\\\/\"},\"author\":{\"name\":\"Nora Bitzer\",\"@id\":\"https:\\\/\\\/63.176.212.253\\\/de\\\/#\\\/schema\\\/person\\\/273175c279ef8302419043ed42482079\"},\"headline\":\"Interview mit Agent Leader Jonathan Schmid: Warum er auf das hybride Maklermodell setzt.\",\"datePublished\":\"2026-04-01T08:12:04+00:00\",\"dateModified\":\"2026-04-07T08:28:56+00:00\",\"mainEntityOfPage\":{\"@id\":\"https:\\\/\\\/life.properti.com\\\/de\\\/blog\\\/interview-mit-jonathan-schmid-warum-ein-erfahrener-makler-auf-das-hybride-maklermodell-setzt\\\/\"},\"wordCount\":1429,\"commentCount\":0,\"publisher\":{\"@id\":\"https:\\\/\\\/63.176.212.253\\\/de\\\/#organization\"},\"image\":{\"@id\":\"https:\\\/\\\/life.properti.com\\\/de\\\/blog\\\/interview-mit-jonathan-schmid-warum-ein-erfahrener-makler-auf-das-hybride-maklermodell-setzt\\\/#primaryimage\"},\"thumbnailUrl\":\"https:\\\/\\\/life.properti.com\\\/wp-content\\\/uploads\\\/2026\\\/03\\\/2603_Jonathan-Interview.png\",\"articleSection\":[\"People &amp; Culture\"],\"inLanguage\":\"de\",\"potentialAction\":[{\"@type\":\"CommentAction\",\"name\":\"Comment\",\"target\":[\"https:\\\/\\\/life.properti.com\\\/de\\\/blog\\\/interview-mit-jonathan-schmid-warum-ein-erfahrener-makler-auf-das-hybride-maklermodell-setzt\\\/#respond\"]}]},{\"@type\":\"WebPage\",\"@id\":\"https:\\\/\\\/life.properti.com\\\/de\\\/blog\\\/interview-mit-jonathan-schmid-warum-ein-erfahrener-makler-auf-das-hybride-maklermodell-setzt\\\/\",\"url\":\"https:\\\/\\\/life.properti.com\\\/de\\\/blog\\\/interview-mit-jonathan-schmid-warum-ein-erfahrener-makler-auf-das-hybride-maklermodell-setzt\\\/\",\"name\":\"Jonathan Schmid: Warum er zu properti wechselte | propertilife\",\"isPartOf\":{\"@id\":\"https:\\\/\\\/63.176.212.253\\\/de\\\/#website\"},\"primaryImageOfPage\":{\"@id\":\"https:\\\/\\\/life.properti.com\\\/de\\\/blog\\\/interview-mit-jonathan-schmid-warum-ein-erfahrener-makler-auf-das-hybride-maklermodell-setzt\\\/#primaryimage\"},\"image\":{\"@id\":\"https:\\\/\\\/life.properti.com\\\/de\\\/blog\\\/interview-mit-jonathan-schmid-warum-ein-erfahrener-makler-auf-das-hybride-maklermodell-setzt\\\/#primaryimage\"},\"thumbnailUrl\":\"https:\\\/\\\/life.properti.com\\\/wp-content\\\/uploads\\\/2026\\\/03\\\/2603_Jonathan-Interview.png\",\"datePublished\":\"2026-04-01T08:12:04+00:00\",\"dateModified\":\"2026-04-07T08:28:56+00:00\",\"description\":\"Jonathan Schmid \u00fcber seinen Wechsel zu properti, das hybride Makler-Modell und die Zukunft der Immobilienbranche.\",\"breadcrumb\":{\"@id\":\"https:\\\/\\\/life.properti.com\\\/de\\\/blog\\\/interview-mit-jonathan-schmid-warum-ein-erfahrener-makler-auf-das-hybride-maklermodell-setzt\\\/#breadcrumb\"},\"inLanguage\":\"de\",\"potentialAction\":[{\"@type\":\"ReadAction\",\"target\":[\"https:\\\/\\\/life.properti.com\\\/de\\\/blog\\\/interview-mit-jonathan-schmid-warum-ein-erfahrener-makler-auf-das-hybride-maklermodell-setzt\\\/\"]}]},{\"@type\":\"ImageObject\",\"inLanguage\":\"de\",\"@id\":\"https:\\\/\\\/life.properti.com\\\/de\\\/blog\\\/interview-mit-jonathan-schmid-warum-ein-erfahrener-makler-auf-das-hybride-maklermodell-setzt\\\/#primaryimage\",\"url\":\"https:\\\/\\\/life.properti.com\\\/wp-content\\\/uploads\\\/2026\\\/03\\\/2603_Jonathan-Interview.png\",\"contentUrl\":\"https:\\\/\\\/life.properti.com\\\/wp-content\\\/uploads\\\/2026\\\/03\\\/2603_Jonathan-Interview.png\",\"width\":1300,\"height\":850,\"caption\":\"Jonathan Schmid propertilife\"},{\"@type\":\"BreadcrumbList\",\"@id\":\"https:\\\/\\\/life.properti.com\\\/de\\\/blog\\\/interview-mit-jonathan-schmid-warum-ein-erfahrener-makler-auf-das-hybride-maklermodell-setzt\\\/#breadcrumb\",\"itemListElement\":[{\"@type\":\"ListItem\",\"position\":1,\"name\":\"Home\",\"item\":\"https:\\\/\\\/life.properti.com\\\/de\\\/\"},{\"@type\":\"ListItem\",\"position\":2,\"name\":\"Interview mit Agent Leader Jonathan Schmid: Warum er auf das hybride Maklermodell setzt.\"}]},{\"@type\":\"WebSite\",\"@id\":\"https:\\\/\\\/63.176.212.253\\\/de\\\/#website\",\"url\":\"https:\\\/\\\/63.176.212.253\\\/de\\\/\",\"name\":\"properti life\",\"description\":\"\",\"publisher\":{\"@id\":\"https:\\\/\\\/63.176.212.253\\\/de\\\/#organization\"},\"potentialAction\":[{\"@type\":\"SearchAction\",\"target\":{\"@type\":\"EntryPoint\",\"urlTemplate\":\"https:\\\/\\\/63.176.212.253\\\/de\\\/?s={search_term_string}\"},\"query-input\":{\"@type\":\"PropertyValueSpecification\",\"valueRequired\":true,\"valueName\":\"search_term_string\"}}],\"inLanguage\":\"de\"},{\"@type\":\"Organization\",\"@id\":\"https:\\\/\\\/63.176.212.253\\\/de\\\/#organization\",\"name\":\"properti life\",\"url\":\"https:\\\/\\\/63.176.212.253\\\/de\\\/\",\"logo\":{\"@type\":\"ImageObject\",\"inLanguage\":\"de\",\"@id\":\"https:\\\/\\\/63.176.212.253\\\/de\\\/#\\\/schema\\\/logo\\\/image\\\/\",\"url\":\"https:\\\/\\\/life.properti.com\\\/wp-content\\\/uploads\\\/2025\\\/11\\\/2511_propertilife-logo.svg\",\"contentUrl\":\"https:\\\/\\\/life.properti.com\\\/wp-content\\\/uploads\\\/2025\\\/11\\\/2511_propertilife-logo.svg\",\"width\":153,\"height\":30,\"caption\":\"properti life\"},\"image\":{\"@id\":\"https:\\\/\\\/63.176.212.253\\\/de\\\/#\\\/schema\\\/logo\\\/image\\\/\"}},{\"@type\":\"Person\",\"@id\":\"https:\\\/\\\/63.176.212.253\\\/de\\\/#\\\/schema\\\/person\\\/273175c279ef8302419043ed42482079\",\"name\":\"Nora Bitzer\",\"image\":{\"@type\":\"ImageObject\",\"inLanguage\":\"de\",\"@id\":\"https:\\\/\\\/life.properti.com\\\/wp-content\\\/uploads\\\/2026\\\/02\\\/nora-bitzer-150x150.jpg\",\"url\":\"https:\\\/\\\/life.properti.com\\\/wp-content\\\/uploads\\\/2026\\\/02\\\/nora-bitzer-150x150.jpg\",\"contentUrl\":\"https:\\\/\\\/life.properti.com\\\/wp-content\\\/uploads\\\/2026\\\/02\\\/nora-bitzer-150x150.jpg\",\"caption\":\"Nora Bitzer\"},\"description\":\"Marketing &amp; Communications Manager\",\"jobTitle\":\"Marketing & Communication Manager\",\"url\":\"https:\\\/\\\/life.properti.com\\\/de\\\/blog\\\/author\\\/nora-bitzer\\\/\"}]}<\/script>\n<!-- \/ Yoast SEO Premium plugin. -->","yoast_head_json":{"title":"Jonathan Schmid: Warum er zu properti wechselte | propertilife","description":"Jonathan Schmid \u00fcber seinen Wechsel zu properti, das hybride Makler-Modell und die Zukunft der Immobilienbranche.","robots":{"index":"index","follow":"follow","max-snippet":"max-snippet:-1","max-image-preview":"max-image-preview:large","max-video-preview":"max-video-preview:-1"},"canonical":"https:\/\/life.properti.com\/de\/blog\/interview-mit-jonathan-schmid-warum-ein-erfahrener-makler-auf-das-hybride-maklermodell-setzt\/","og_locale":"de_DE","og_type":"article","og_title":"Interview mit Agent Leader Jonathan Schmid: Warum er auf das hybride Maklermodell setzt.","og_description":"Jonathan Schmid \u00fcber seinen Wechsel zu properti, das hybride Makler-Modell und die Zukunft der Immobilienbranche.","og_url":"https:\/\/life.properti.com\/de\/blog\/interview-mit-jonathan-schmid-warum-ein-erfahrener-makler-auf-das-hybride-maklermodell-setzt\/","og_site_name":"properti life","article_published_time":"2026-04-01T08:12:04+00:00","article_modified_time":"2026-04-07T08:28:56+00:00","og_image":[{"width":1300,"height":850,"url":"https:\/\/life.properti.com\/wp-content\/uploads\/2026\/03\/2603_Jonathan-Interview.png","type":"image\/png"}],"author":"Nora Bitzer","twitter_card":"summary_large_image","twitter_misc":{"Verfasst von":"Nora Bitzer","Gesch\u00e4tzte Lesezeit":"6\u00a0Minuten"},"schema":{"@context":"https:\/\/schema.org","@graph":[{"@type":"Article","@id":"https:\/\/life.properti.com\/de\/blog\/interview-mit-jonathan-schmid-warum-ein-erfahrener-makler-auf-das-hybride-maklermodell-setzt\/#article","isPartOf":{"@id":"https:\/\/life.properti.com\/de\/blog\/interview-mit-jonathan-schmid-warum-ein-erfahrener-makler-auf-das-hybride-maklermodell-setzt\/"},"author":{"name":"Nora Bitzer","@id":"https:\/\/63.176.212.253\/de\/#\/schema\/person\/273175c279ef8302419043ed42482079"},"headline":"Interview mit Agent Leader Jonathan Schmid: Warum er auf das hybride Maklermodell setzt.","datePublished":"2026-04-01T08:12:04+00:00","dateModified":"2026-04-07T08:28:56+00:00","mainEntityOfPage":{"@id":"https:\/\/life.properti.com\/de\/blog\/interview-mit-jonathan-schmid-warum-ein-erfahrener-makler-auf-das-hybride-maklermodell-setzt\/"},"wordCount":1429,"commentCount":0,"publisher":{"@id":"https:\/\/63.176.212.253\/de\/#organization"},"image":{"@id":"https:\/\/life.properti.com\/de\/blog\/interview-mit-jonathan-schmid-warum-ein-erfahrener-makler-auf-das-hybride-maklermodell-setzt\/#primaryimage"},"thumbnailUrl":"https:\/\/life.properti.com\/wp-content\/uploads\/2026\/03\/2603_Jonathan-Interview.png","articleSection":["People &amp; Culture"],"inLanguage":"de","potentialAction":[{"@type":"CommentAction","name":"Comment","target":["https:\/\/life.properti.com\/de\/blog\/interview-mit-jonathan-schmid-warum-ein-erfahrener-makler-auf-das-hybride-maklermodell-setzt\/#respond"]}]},{"@type":"WebPage","@id":"https:\/\/life.properti.com\/de\/blog\/interview-mit-jonathan-schmid-warum-ein-erfahrener-makler-auf-das-hybride-maklermodell-setzt\/","url":"https:\/\/life.properti.com\/de\/blog\/interview-mit-jonathan-schmid-warum-ein-erfahrener-makler-auf-das-hybride-maklermodell-setzt\/","name":"Jonathan Schmid: Warum er zu properti wechselte | propertilife","isPartOf":{"@id":"https:\/\/63.176.212.253\/de\/#website"},"primaryImageOfPage":{"@id":"https:\/\/life.properti.com\/de\/blog\/interview-mit-jonathan-schmid-warum-ein-erfahrener-makler-auf-das-hybride-maklermodell-setzt\/#primaryimage"},"image":{"@id":"https:\/\/life.properti.com\/de\/blog\/interview-mit-jonathan-schmid-warum-ein-erfahrener-makler-auf-das-hybride-maklermodell-setzt\/#primaryimage"},"thumbnailUrl":"https:\/\/life.properti.com\/wp-content\/uploads\/2026\/03\/2603_Jonathan-Interview.png","datePublished":"2026-04-01T08:12:04+00:00","dateModified":"2026-04-07T08:28:56+00:00","description":"Jonathan Schmid \u00fcber seinen Wechsel zu properti, das hybride Makler-Modell und die Zukunft der Immobilienbranche.","breadcrumb":{"@id":"https:\/\/life.properti.com\/de\/blog\/interview-mit-jonathan-schmid-warum-ein-erfahrener-makler-auf-das-hybride-maklermodell-setzt\/#breadcrumb"},"inLanguage":"de","potentialAction":[{"@type":"ReadAction","target":["https:\/\/life.properti.com\/de\/blog\/interview-mit-jonathan-schmid-warum-ein-erfahrener-makler-auf-das-hybride-maklermodell-setzt\/"]}]},{"@type":"ImageObject","inLanguage":"de","@id":"https:\/\/life.properti.com\/de\/blog\/interview-mit-jonathan-schmid-warum-ein-erfahrener-makler-auf-das-hybride-maklermodell-setzt\/#primaryimage","url":"https:\/\/life.properti.com\/wp-content\/uploads\/2026\/03\/2603_Jonathan-Interview.png","contentUrl":"https:\/\/life.properti.com\/wp-content\/uploads\/2026\/03\/2603_Jonathan-Interview.png","width":1300,"height":850,"caption":"Jonathan Schmid propertilife"},{"@type":"BreadcrumbList","@id":"https:\/\/life.properti.com\/de\/blog\/interview-mit-jonathan-schmid-warum-ein-erfahrener-makler-auf-das-hybride-maklermodell-setzt\/#breadcrumb","itemListElement":[{"@type":"ListItem","position":1,"name":"Home","item":"https:\/\/life.properti.com\/de\/"},{"@type":"ListItem","position":2,"name":"Interview mit Agent Leader Jonathan Schmid: Warum er auf das hybride Maklermodell setzt."}]},{"@type":"WebSite","@id":"https:\/\/63.176.212.253\/de\/#website","url":"https:\/\/63.176.212.253\/de\/","name":"properti life","description":"","publisher":{"@id":"https:\/\/63.176.212.253\/de\/#organization"},"potentialAction":[{"@type":"SearchAction","target":{"@type":"EntryPoint","urlTemplate":"https:\/\/63.176.212.253\/de\/?s={search_term_string}"},"query-input":{"@type":"PropertyValueSpecification","valueRequired":true,"valueName":"search_term_string"}}],"inLanguage":"de"},{"@type":"Organization","@id":"https:\/\/63.176.212.253\/de\/#organization","name":"properti life","url":"https:\/\/63.176.212.253\/de\/","logo":{"@type":"ImageObject","inLanguage":"de","@id":"https:\/\/63.176.212.253\/de\/#\/schema\/logo\/image\/","url":"https:\/\/life.properti.com\/wp-content\/uploads\/2025\/11\/2511_propertilife-logo.svg","contentUrl":"https:\/\/life.properti.com\/wp-content\/uploads\/2025\/11\/2511_propertilife-logo.svg","width":153,"height":30,"caption":"properti life"},"image":{"@id":"https:\/\/63.176.212.253\/de\/#\/schema\/logo\/image\/"}},{"@type":"Person","@id":"https:\/\/63.176.212.253\/de\/#\/schema\/person\/273175c279ef8302419043ed42482079","name":"Nora Bitzer","image":{"@type":"ImageObject","inLanguage":"de","@id":"https:\/\/life.properti.com\/wp-content\/uploads\/2026\/02\/nora-bitzer-150x150.jpg","url":"https:\/\/life.properti.com\/wp-content\/uploads\/2026\/02\/nora-bitzer-150x150.jpg","contentUrl":"https:\/\/life.properti.com\/wp-content\/uploads\/2026\/02\/nora-bitzer-150x150.jpg","caption":"Nora Bitzer"},"description":"Marketing &amp; Communications Manager","jobTitle":"Marketing & Communication Manager","url":"https:\/\/life.properti.com\/de\/blog\/author\/nora-bitzer\/"}]}},"_links":{"self":[{"href":"https:\/\/life.properti.com\/de\/wp-json\/wp\/v2\/posts\/5933","targetHints":{"allow":["GET"]}}],"collection":[{"href":"https:\/\/life.properti.com\/de\/wp-json\/wp\/v2\/posts"}],"about":[{"href":"https:\/\/life.properti.com\/de\/wp-json\/wp\/v2\/types\/post"}],"author":[{"embeddable":true,"href":"https:\/\/life.properti.com\/de\/wp-json\/wp\/v2\/users\/6"}],"replies":[{"embeddable":true,"href":"https:\/\/life.properti.com\/de\/wp-json\/wp\/v2\/comments?post=5933"}],"version-history":[{"count":18,"href":"https:\/\/life.properti.com\/de\/wp-json\/wp\/v2\/posts\/5933\/revisions"}],"predecessor-version":[{"id":6233,"href":"https:\/\/life.properti.com\/de\/wp-json\/wp\/v2\/posts\/5933\/revisions\/6233"}],"wp:featuredmedia":[{"embeddable":true,"href":"https:\/\/life.properti.com\/de\/wp-json\/wp\/v2\/media\/5936"}],"wp:attachment":[{"href":"https:\/\/life.properti.com\/de\/wp-json\/wp\/v2\/media?parent=5933"}],"wp:term":[{"taxonomy":"category","embeddable":true,"href":"https:\/\/life.properti.com\/de\/wp-json\/wp\/v2\/categories?post=5933"},{"taxonomy":"post_tag","embeddable":true,"href":"https:\/\/life.properti.com\/de\/wp-json\/wp\/v2\/tags?post=5933"}],"curies":[{"name":"wp","href":"https:\/\/api.w.org\/{rel}","templated":true}]}}